{"id":3784,"date":"2025-12-31T16:10:37","date_gmt":"2025-12-31T15:10:37","guid":{"rendered":"https:\/\/bisci.it\/2025\/12\/31\/bisci-a-firenze-per-proposta-vini-2026-18-19-gennaio\/"},"modified":"2025-12-31T16:10:37","modified_gmt":"2025-12-31T15:10:37","slug":"bisci-a-firenze-per-proposta-vini-2026-18-19-gennaio","status":"publish","type":"post","link":"https:\/\/bisci.it\/fr\/2025\/12\/31\/bisci-a-firenze-per-proposta-vini-2026-18-19-gennaio\/","title":{"rendered":"Bisci a Firenze per Presentazione del Catalogo Proposta Vini 2026 | 18\u201319 gennaio"},"content":{"rendered":"<p><img decoding=\"async\" class=\"size-medium wp-image-3243 alignleft\" src=\"https:\/\/bisci.it\/wp-content\/uploads\/2025\/12\/PROPOSTA-VINI-2026-FIRENZE-BISCI-240x300.jpg\" alt=\"PROPOSTA-VINI-2026-FIRENZE-BISCI\" width=\"240\" height=\"300\" srcset=\"https:\/\/bisci.it\/wp-content\/uploads\/2025\/12\/PROPOSTA-VINI-2026-FIRENZE-BISCI-240x300.jpg 240w, https:\/\/bisci.it\/wp-content\/uploads\/2025\/12\/PROPOSTA-VINI-2026-FIRENZE-BISCI-819x1024.jpg 819w, https:\/\/bisci.it\/wp-content\/uploads\/2025\/12\/PROPOSTA-VINI-2026-FIRENZE-BISCI-768x960.jpg 768w, https:\/\/bisci.it\/wp-content\/uploads\/2025\/12\/PROPOSTA-VINI-2026-FIRENZE-BISCI-1229x1536.jpg 1229w, https:\/\/bisci.it\/wp-content\/uploads\/2025\/12\/PROPOSTA-VINI-2026-FIRENZE-BISCI-1638x2048.jpg 1638w, https:\/\/bisci.it\/wp-content\/uploads\/2025\/12\/PROPOSTA-VINI-2026-FIRENZE-BISCI-350x438.jpg 350w, https:\/\/bisci.it\/wp-content\/uploads\/2025\/12\/PROPOSTA-VINI-2026-FIRENZE-BISCI-600x750.jpg 600w, https:\/\/bisci.it\/wp-content\/uploads\/2025\/12\/PROPOSTA-VINI-2026-FIRENZE-BISCI.jpg 2048w\" sizes=\"(max-width: 240px) 100vw, 240px\" \/><\/p>\n<h1 data-start=\"448\" data-end=\"497\">Bisci presente a Firenze per la Presentazione del Catalogo Proposta Vini 2026<\/h1>\n<p data-start=\"499\" data-end=\"782\"><strong data-start=\"499\" data-end=\"508\">Bisci<\/strong> sar\u00e0 presente a <strong data-start=\"525\" data-end=\"536\">Firenze<\/strong> in occasione della presentazione del Catalogo di <a href=\"https:\/\/www.propostavini.com\/presentazione-catalogo-2026\/\" target=\"_blank\" rel=\"noopener\"><strong data-start=\"553\" data-end=\"575\">Proposta Vini 2026<\/strong><\/a>, in programma <strong data-start=\"590\" data-end=\"625\">domenica 18 e luned\u00ec 19 gennaio<\/strong>. L\u2019evento rappresenta uno dei pi\u00f9 importanti appuntamenti del calendario vitivinicolo italiano, dedicato ai vini di territorio e alle produzioni di qualit\u00e0.<\/p>\n<h2 data-start=\"784\" data-end=\"832\">Proposta Vini 2026 a Firenze: date e contesto<\/h2>\n<p data-start=\"834\" data-end=\"1198\">L\u2019edizione <strong data-start=\"845\" data-end=\"870\">2026 di Proposta Vini<\/strong>, che si terr\u00e0 a Firenze il <strong data-start=\"898\" data-end=\"917\">18 e 19 gennaio<\/strong>, riunisce una selezione di cantine italiane accomunate da una forte identit\u00e0 territoriale. La manifestazione \u00e8 rivolta a operatori del settore, buyer, ristoratori, enotecari e stampa specializzata, offrendo un contesto qualificato per la degustazione e il confronto professionale.<\/p>\n<h2 data-start=\"1200\" data-end=\"1256\">Bisci e il Verdicchio di Matelica DOC\/DOCG in degustazione<\/h2>\n<p data-start=\"1258\" data-end=\"1551\">Durante <strong data-start=\"1266\" data-end=\"1288\">Proposta Vini 2026<\/strong>, Bisci presenter\u00e0 una selezione dei propri vini, con il <strong data-start=\"1345\" data-end=\"1375\">Verdicchio di Matelica DOC\/DOCG<\/strong> come protagonista. Un\u2019occasione per raccontare l\u2019espressione autentica di un territorio unico e il lavoro in vigna e in cantina che caratterizza la filosofia produttiva Bisci.<\/p>\n<h2 data-start=\"2141\" data-end=\"2195\">Bisci: valorizzare il territorio attraverso il vino<\/h2>\n<p data-start=\"2197\" data-end=\"2506\">Da sempre Bisci \u00e8 impegnata nella valorizzazione del <strong data-start=\"2250\" data-end=\"2276\">Verdicchio di Matelica<\/strong>, interpretato con rispetto per la tradizione e attenzione all\u2019evoluzione del mercato. La partecipazione a <strong data-start=\"2383\" data-end=\"2405\">Proposta Vini 2026<\/strong> si inserisce in un percorso di promozione del vino italiano di qualit\u00e0 e del territorio marchigiano.<\/p>\n","protected":false},"excerpt":{"rendered":"<p>Bisci presente a Firenze per la Presentazione del Catalogo Proposta Vini 2026 Bisci sar\u00e0 presente a Firenze in occasione della [&hellip;]<\/p>\n","protected":false},"author":8,"featured_media":3785,"comment_status":"open","ping_status":"open","sticky":false,"template":"","format":"standard","meta":{"mc4wp_mailchimp_campaign":[],"footnotes":""},"categories":[186,187],"tags":[],"class_list":["post-3784","post","type-post","status-publish","format-standard","has-post-thumbnail","hentry","category-eventi","category-novita"],"yoast_head":"<!-- This site is optimized with the Yoast SEO plugin v26.0 - https:\/\/yoast.com\/wordpress\/plugins\/seo\/ -->\n<title>Bisci a Firenze per Presentazione del Catalogo Proposta Vini 2026 | 18\u201319 gennaio - BISCI Vini<\/title>\n<meta name=\"robots\" content=\"index, follow, max-snippet:-1, max-image-preview:large, max-video-preview:-1\" \/>\n<link rel=\"canonical\" href=\"https:\/\/bisci.it\/fr\/2025\/12\/31\/bisci-a-firenze-per-proposta-vini-2026-18-19-gennaio\/\" \/>\n<meta property=\"og:locale\" content=\"fr_FR\" \/>\n<meta property=\"og:type\" content=\"article\" \/>\n<meta property=\"og:title\" content=\"Bisci a Firenze per Presentazione del Catalogo Proposta Vini 2026 | 18\u201319 gennaio - BISCI Vini\" \/>\n<meta property=\"og:description\" content=\"Bisci presente a Firenze per la Presentazione del Catalogo Proposta Vini 2026 Bisci sar\u00e0 presente a Firenze in occasione della [&hellip;]\" \/>\n<meta property=\"og:url\" content=\"https:\/\/bisci.it\/fr\/2025\/12\/31\/bisci-a-firenze-per-proposta-vini-2026-18-19-gennaio\/\" \/>\n<meta property=\"og:site_name\" content=\"BISCI Vini\" \/>\n<meta property=\"article:published_time\" content=\"2025-12-31T15:10:37+00:00\" \/>\n<meta property=\"og:image\" content=\"https:\/\/bisci.it\/wp-content\/uploads\/2025\/12\/PROPOSTA-VINI-2026-FIRENZE-BISCI.jpg\" \/>\n\t<meta property=\"og:image:width\" content=\"2048\" \/>\n\t<meta property=\"og:image:height\" content=\"2560\" \/>\n\t<meta property=\"og:image:type\" content=\"image\/jpeg\" \/>\n<meta name=\"author\" content=\"Valentina\" \/>\n<meta name=\"twitter:card\" content=\"summary_large_image\" \/>\n<meta name=\"twitter:label1\" content=\"\u00c9crit par\" \/>\n\t<meta name=\"twitter:data1\" content=\"Valentina\" \/>\n\t<meta name=\"twitter:label2\" content=\"Dur\u00e9e de lecture estim\u00e9e\" \/>\n\t<meta name=\"twitter:data2\" content=\"1 minute\" \/>\n<script type=\"application\/ld+json\" class=\"yoast-schema-graph\">{\"@context\":\"https:\/\/schema.org\",\"@graph\":[{\"@type\":\"WebPage\",\"@id\":\"https:\/\/bisci.it\/fr\/2025\/12\/31\/bisci-a-firenze-per-proposta-vini-2026-18-19-gennaio\/\",\"url\":\"https:\/\/bisci.it\/fr\/2025\/12\/31\/bisci-a-firenze-per-proposta-vini-2026-18-19-gennaio\/\",\"name\":\"Bisci a Firenze per Presentazione del Catalogo Proposta Vini 2026 | 18\u201319 gennaio - BISCI Vini\",\"isPartOf\":{\"@id\":\"https:\/\/bisci.it\/fr\/#website\"},\"primaryImageOfPage\":{\"@id\":\"https:\/\/bisci.it\/fr\/2025\/12\/31\/bisci-a-firenze-per-proposta-vini-2026-18-19-gennaio\/#primaryimage\"},\"image\":{\"@id\":\"https:\/\/bisci.it\/fr\/2025\/12\/31\/bisci-a-firenze-per-proposta-vini-2026-18-19-gennaio\/#primaryimage\"},\"thumbnailUrl\":\"https:\/\/bisci.it\/wp-content\/uploads\/2025\/12\/PROPOSTA-VINI-2026-FIRENZE-BISCI.jpg\",\"datePublished\":\"2025-12-31T15:10:37+00:00\",\"author\":{\"@id\":\"https:\/\/bisci.it\/fr\/#\/schema\/person\/588a0cd86e1a58abfd656daf52ee7225\"},\"breadcrumb\":{\"@id\":\"https:\/\/bisci.it\/fr\/2025\/12\/31\/bisci-a-firenze-per-proposta-vini-2026-18-19-gennaio\/#breadcrumb\"},\"inLanguage\":\"fr-FR\",\"potentialAction\":[{\"@type\":\"ReadAction\",\"target\":[\"https:\/\/bisci.it\/fr\/2025\/12\/31\/bisci-a-firenze-per-proposta-vini-2026-18-19-gennaio\/\"]}]},{\"@type\":\"ImageObject\",\"inLanguage\":\"fr-FR\",\"@id\":\"https:\/\/bisci.it\/fr\/2025\/12\/31\/bisci-a-firenze-per-proposta-vini-2026-18-19-gennaio\/#primaryimage\",\"url\":\"https:\/\/bisci.it\/wp-content\/uploads\/2025\/12\/PROPOSTA-VINI-2026-FIRENZE-BISCI.jpg\",\"contentUrl\":\"https:\/\/bisci.it\/wp-content\/uploads\/2025\/12\/PROPOSTA-VINI-2026-FIRENZE-BISCI.jpg\",\"width\":2048,\"height\":2560,\"caption\":\"PROPOSTA-VINI-2026-FIRENZE-BISCI\"},{\"@type\":\"BreadcrumbList\",\"@id\":\"https:\/\/bisci.it\/fr\/2025\/12\/31\/bisci-a-firenze-per-proposta-vini-2026-18-19-gennaio\/#breadcrumb\",\"itemListElement\":[{\"@type\":\"ListItem\",\"position\":1,\"name\":\"Home\",\"item\":\"https:\/\/bisci.it\/fr\/\"},{\"@type\":\"ListItem\",\"position\":2,\"name\":\"Bisci a Firenze per Presentazione del Catalogo Proposta Vini 2026 | 18\u201319 gennaio\"}]},{\"@type\":\"WebSite\",\"@id\":\"https:\/\/bisci.it\/fr\/#website\",\"url\":\"https:\/\/bisci.it\/fr\/\",\"name\":\"BISCI Vini\",\"description\":\"Cantina BISCI - Matelica\",\"potentialAction\":[{\"@type\":\"SearchAction\",\"target\":{\"@type\":\"EntryPoint\",\"urlTemplate\":\"https:\/\/bisci.it\/fr\/?s={search_term_string}\"},\"query-input\":{\"@type\":\"PropertyValueSpecification\",\"valueRequired\":true,\"valueName\":\"search_term_string\"}}],\"inLanguage\":\"fr-FR\"},{\"@type\":\"Person\",\"@id\":\"https:\/\/bisci.it\/fr\/#\/schema\/person\/588a0cd86e1a58abfd656daf52ee7225\",\"name\":\"Valentina\",\"image\":{\"@type\":\"ImageObject\",\"inLanguage\":\"fr-FR\",\"@id\":\"https:\/\/bisci.it\/fr\/#\/schema\/person\/image\/\",\"url\":\"https:\/\/secure.gravatar.com\/avatar\/6518b30bde2fc863a1a036a7a81c8c4ac8d2fc93a2cac734d9bc8b1eb03e1675?s=96&d=mm&r=g\",\"contentUrl\":\"https:\/\/secure.gravatar.com\/avatar\/6518b30bde2fc863a1a036a7a81c8c4ac8d2fc93a2cac734d9bc8b1eb03e1675?s=96&d=mm&r=g\",\"caption\":\"Valentina\"}}]}<\/script>\n<!-- \/ Yoast SEO plugin. -->","yoast_head_json":{"title":"Bisci a Firenze per Presentazione del Catalogo Proposta Vini 2026 | 18\u201319 gennaio - BISCI Vini","robots":{"index":"index","follow":"follow","max-snippet":"max-snippet:-1","max-image-preview":"max-image-preview:large","max-video-preview":"max-video-preview:-1"},"canonical":"https:\/\/bisci.it\/fr\/2025\/12\/31\/bisci-a-firenze-per-proposta-vini-2026-18-19-gennaio\/","og_locale":"fr_FR","og_type":"article","og_title":"Bisci a Firenze per Presentazione del Catalogo Proposta Vini 2026 | 18\u201319 gennaio - BISCI Vini","og_description":"Bisci presente a Firenze per la Presentazione del Catalogo Proposta Vini 2026 Bisci sar\u00e0 presente a Firenze in occasione della [&hellip;]","og_url":"https:\/\/bisci.it\/fr\/2025\/12\/31\/bisci-a-firenze-per-proposta-vini-2026-18-19-gennaio\/","og_site_name":"BISCI Vini","article_published_time":"2025-12-31T15:10:37+00:00","og_image":[{"width":2048,"height":2560,"url":"https:\/\/bisci.it\/wp-content\/uploads\/2025\/12\/PROPOSTA-VINI-2026-FIRENZE-BISCI.jpg","type":"image\/jpeg"}],"author":"Valentina","twitter_card":"summary_large_image","twitter_misc":{"\u00c9crit par":"Valentina","Dur\u00e9e de lecture estim\u00e9e":"1 minute"},"schema":{"@context":"https:\/\/schema.org","@graph":[{"@type":"WebPage","@id":"https:\/\/bisci.it\/fr\/2025\/12\/31\/bisci-a-firenze-per-proposta-vini-2026-18-19-gennaio\/","url":"https:\/\/bisci.it\/fr\/2025\/12\/31\/bisci-a-firenze-per-proposta-vini-2026-18-19-gennaio\/","name":"Bisci a Firenze per Presentazione del Catalogo Proposta Vini 2026 | 18\u201319 gennaio - BISCI Vini","isPartOf":{"@id":"https:\/\/bisci.it\/fr\/#website"},"primaryImageOfPage":{"@id":"https:\/\/bisci.it\/fr\/2025\/12\/31\/bisci-a-firenze-per-proposta-vini-2026-18-19-gennaio\/#primaryimage"},"image":{"@id":"https:\/\/bisci.it\/fr\/2025\/12\/31\/bisci-a-firenze-per-proposta-vini-2026-18-19-gennaio\/#primaryimage"},"thumbnailUrl":"https:\/\/bisci.it\/wp-content\/uploads\/2025\/12\/PROPOSTA-VINI-2026-FIRENZE-BISCI.jpg","datePublished":"2025-12-31T15:10:37+00:00","author":{"@id":"https:\/\/bisci.it\/fr\/#\/schema\/person\/588a0cd86e1a58abfd656daf52ee7225"},"breadcrumb":{"@id":"https:\/\/bisci.it\/fr\/2025\/12\/31\/bisci-a-firenze-per-proposta-vini-2026-18-19-gennaio\/#breadcrumb"},"inLanguage":"fr-FR","potentialAction":[{"@type":"ReadAction","target":["https:\/\/bisci.it\/fr\/2025\/12\/31\/bisci-a-firenze-per-proposta-vini-2026-18-19-gennaio\/"]}]},{"@type":"ImageObject","inLanguage":"fr-FR","@id":"https:\/\/bisci.it\/fr\/2025\/12\/31\/bisci-a-firenze-per-proposta-vini-2026-18-19-gennaio\/#primaryimage","url":"https:\/\/bisci.it\/wp-content\/uploads\/2025\/12\/PROPOSTA-VINI-2026-FIRENZE-BISCI.jpg","contentUrl":"https:\/\/bisci.it\/wp-content\/uploads\/2025\/12\/PROPOSTA-VINI-2026-FIRENZE-BISCI.jpg","width":2048,"height":2560,"caption":"PROPOSTA-VINI-2026-FIRENZE-BISCI"},{"@type":"BreadcrumbList","@id":"https:\/\/bisci.it\/fr\/2025\/12\/31\/bisci-a-firenze-per-proposta-vini-2026-18-19-gennaio\/#breadcrumb","itemListElement":[{"@type":"ListItem","position":1,"name":"Home","item":"https:\/\/bisci.it\/fr\/"},{"@type":"ListItem","position":2,"name":"Bisci a Firenze per Presentazione del Catalogo Proposta Vini 2026 | 18\u201319 gennaio"}]},{"@type":"WebSite","@id":"https:\/\/bisci.it\/fr\/#website","url":"https:\/\/bisci.it\/fr\/","name":"BISCI Vini","description":"Cantina BISCI - Matelica","potentialAction":[{"@type":"SearchAction","target":{"@type":"EntryPoint","urlTemplate":"https:\/\/bisci.it\/fr\/?s={search_term_string}"},"query-input":{"@type":"PropertyValueSpecification","valueRequired":true,"valueName":"search_term_string"}}],"inLanguage":"fr-FR"},{"@type":"Person","@id":"https:\/\/bisci.it\/fr\/#\/schema\/person\/588a0cd86e1a58abfd656daf52ee7225","name":"Valentina","image":{"@type":"ImageObject","inLanguage":"fr-FR","@id":"https:\/\/bisci.it\/fr\/#\/schema\/person\/image\/","url":"https:\/\/secure.gravatar.com\/avatar\/6518b30bde2fc863a1a036a7a81c8c4ac8d2fc93a2cac734d9bc8b1eb03e1675?s=96&d=mm&r=g","contentUrl":"https:\/\/secure.gravatar.com\/avatar\/6518b30bde2fc863a1a036a7a81c8c4ac8d2fc93a2cac734d9bc8b1eb03e1675?s=96&d=mm&r=g","caption":"Valentina"}}]}},"_links":{"self":[{"href":"https:\/\/bisci.it\/fr\/wp-json\/wp\/v2\/posts\/3784","targetHints":{"allow":["GET"]}}],"collection":[{"href":"https:\/\/bisci.it\/fr\/wp-json\/wp\/v2\/posts"}],"about":[{"href":"https:\/\/bisci.it\/fr\/wp-json\/wp\/v2\/types\/post"}],"author":[{"embeddable":true,"href":"https:\/\/bisci.it\/fr\/wp-json\/wp\/v2\/users\/8"}],"replies":[{"embeddable":true,"href":"https:\/\/bisci.it\/fr\/wp-json\/wp\/v2\/comments?post=3784"}],"version-history":[{"count":0,"href":"https:\/\/bisci.it\/fr\/wp-json\/wp\/v2\/posts\/3784\/revisions"}],"wp:featuredmedia":[{"embeddable":true,"href":"https:\/\/bisci.it\/fr\/wp-json\/wp\/v2\/media\/3785"}],"wp:attachment":[{"href":"https:\/\/bisci.it\/fr\/wp-json\/wp\/v2\/media?parent=3784"}],"wp:term":[{"taxonomy":"category","embeddable":true,"href":"https:\/\/bisci.it\/fr\/wp-json\/wp\/v2\/categories?post=3784"},{"taxonomy":"post_tag","embeddable":true,"href":"https:\/\/bisci.it\/fr\/wp-json\/wp\/v2\/tags?post=3784"}],"curies":[{"name":"wp","href":"https:\/\/api.w.org\/{rel}","templated":true}]}}