{"id":3780,"date":"2026-04-08T12:41:51","date_gmt":"2026-04-08T10:41:51","guid":{"rendered":"https:\/\/bisci.it\/2026\/04\/08\/bisci-a-operawine-2026-sette-volte-tra-i-migliori-ditalia\/"},"modified":"2026-04-08T12:41:51","modified_gmt":"2026-04-08T10:41:51","slug":"bisci-a-operawine-2026-sette-volte-tra-i-migliori-ditalia","status":"publish","type":"post","link":"https:\/\/bisci.it\/fr\/2026\/04\/08\/bisci-a-operawine-2026-sette-volte-tra-i-migliori-ditalia\/","title":{"rendered":"Bisci a OperaWine 2026 &#8211; Sette volte tra i migliori d&rsquo;Italia"},"content":{"rendered":"<p><img decoding=\"async\" class=\"alignnone wp-image-3538 size-full\" src=\"https:\/\/bisci.it\/wp-content\/uploads\/2026\/04\/OPERA-WINE-2026-BISCI.jpg\" alt=\"OPERA WINE 2026 BISCI\" width=\"1080\" height=\"1350\" srcset=\"https:\/\/bisci.it\/wp-content\/uploads\/2026\/04\/OPERA-WINE-2026-BISCI.jpg 1080w, https:\/\/bisci.it\/wp-content\/uploads\/2026\/04\/OPERA-WINE-2026-BISCI-240x300.jpg 240w, https:\/\/bisci.it\/wp-content\/uploads\/2026\/04\/OPERA-WINE-2026-BISCI-819x1024.jpg 819w, https:\/\/bisci.it\/wp-content\/uploads\/2026\/04\/OPERA-WINE-2026-BISCI-768x960.jpg 768w, https:\/\/bisci.it\/wp-content\/uploads\/2026\/04\/OPERA-WINE-2026-BISCI-350x438.jpg 350w, https:\/\/bisci.it\/wp-content\/uploads\/2026\/04\/OPERA-WINE-2026-BISCI-600x750.jpg 600w\" sizes=\"(max-width: 1080px) 100vw, 1080px\" \/><\/p>\n<p><strong>Bisci a OperaWine 2026 \u2014 Sette volte tra i migliori d&rsquo;Italia<\/strong><\/p>\n<p>L&rsquo;11 aprile 2026, a Verona, Bisci sar\u00e0 ancora una volta protagonista di <strong>OperaWine<\/strong>, l&rsquo;evento pi\u00f9 esclusivo del panorama enologico italiano.<\/p>\n<p>OperaWine nasce dalla collaborazione tra <strong>Veronafiere<\/strong> e la prestigiosa rivista americana <strong>Wine Spectator<\/strong> \u2014 una delle pubblicazioni pi\u00f9 influenti al mondo nel settore del vino, con oltre 3,5 milioni di lettori. Ogni anno, i suoi esperti selezionano le <strong>150 cantine italiane<\/strong> considerate le pi\u00f9 rappresentative del paese, suddivise in tre categorie: <em>Legacy Icons<\/em>, <em>Classics<\/em> e <em>New Voices<\/em>. Bisci \u00e8 inserita nella categoria <strong>Classic<\/strong> \u2014 produttori leader nelle proprie denominazioni, con una storia consolidata di qualit\u00e0 e identit\u00e0 territoriale.<\/p>\n<p>L&rsquo;evento si tiene il sabato prima dell&rsquo;apertura di Vinitaly, nella suggestiva cornice della Gran Guardia di Verona, e riunisce giornalisti, buyer e professionisti del vino da tutto il mondo. \u00c8, in sostanza, il palcoscenico pi\u00f9 importante su cui un produttore italiano possa presentarsi.<\/p>\n<p>Per Bisci si tratta di una <strong>conferma che va avanti ormai da sette edizioni consecutive<\/strong>. Non una partecipazione episodica, ma un riconoscimento stabile che premia la coerenza di un percorso: quello di una cantina nata nel 1972 a Matelica, nelle Marche, che ha fatto del Verdicchio di Matelica la propria ragione d&rsquo;essere.<\/p>\n<p>Il vino che rappresenter\u00e0 Bisci a OperaWine 2026 \u00e8 il <strong>Verdicchio di Matelica Riserva Senex 2019<\/strong> \u2014 il nostro vino di punta, prodotto solo nelle migliori annate, affinato per almeno cinque anni sulle fecce nobili in vasche di cemento vetrificato. Un vino che esprime tutto ci\u00f2 in cui crediamo: territorio, pazienza, minimo intervento.<\/p>\n<p>Siamo orgogliosi di portare ancora una volta la DOC Verdicchio di Matelica su questo palcoscenico internazionale. E siamo orgogliosi di farlo con il Senex.<\/p>\n<p><strong>Appuntamento a Verona, 11 aprile 2026.<\/strong><\/p>\n","protected":false},"excerpt":{"rendered":"<p>Bisci a OperaWine 2026 \u2014 Sette volte tra i migliori d&rsquo;Italia L&rsquo;11 aprile 2026, a Verona, Bisci sar\u00e0 ancora una [&hellip;]<\/p>\n","protected":false},"author":2,"featured_media":3781,"comment_status":"open","ping_status":"open","sticky":false,"template":"","format":"standard","meta":{"mc4wp_mailchimp_campaign":[],"footnotes":""},"categories":[186,187],"tags":[191],"class_list":["post-3780","post","type-post","status-publish","format-standard","has-post-thumbnail","hentry","category-eventi","category-novita","tag-operawine"],"yoast_head":"<!-- This site is optimized with the Yoast SEO plugin v26.0 - https:\/\/yoast.com\/wordpress\/plugins\/seo\/ -->\n<title>Bisci a OperaWine 2026 - Sette volte tra i migliori d&#039;Italia - BISCI Vini<\/title>\n<meta name=\"robots\" content=\"index, follow, max-snippet:-1, max-image-preview:large, max-video-preview:-1\" \/>\n<link rel=\"canonical\" href=\"https:\/\/bisci.it\/fr\/2026\/04\/08\/bisci-a-operawine-2026-sette-volte-tra-i-migliori-ditalia\/\" \/>\n<meta property=\"og:locale\" content=\"fr_FR\" \/>\n<meta property=\"og:type\" content=\"article\" \/>\n<meta property=\"og:title\" content=\"Bisci a OperaWine 2026 - Sette volte tra i migliori d&#039;Italia - BISCI Vini\" \/>\n<meta property=\"og:description\" content=\"Bisci a OperaWine 2026 \u2014 Sette volte tra i migliori d&rsquo;Italia L&rsquo;11 aprile 2026, a Verona, Bisci sar\u00e0 ancora una [&hellip;]\" \/>\n<meta property=\"og:url\" content=\"https:\/\/bisci.it\/fr\/2026\/04\/08\/bisci-a-operawine-2026-sette-volte-tra-i-migliori-ditalia\/\" \/>\n<meta property=\"og:site_name\" content=\"BISCI Vini\" \/>\n<meta property=\"article:published_time\" content=\"2026-04-08T10:41:51+00:00\" \/>\n<meta property=\"og:image\" content=\"https:\/\/bisci.it\/wp-content\/uploads\/2026\/04\/OPERA-WINE-2026-BISCI.jpg\" \/>\n\t<meta property=\"og:image:width\" content=\"1080\" \/>\n\t<meta property=\"og:image:height\" content=\"1350\" \/>\n\t<meta property=\"og:image:type\" content=\"image\/jpeg\" \/>\n<meta name=\"author\" content=\"Simone\" \/>\n<meta name=\"twitter:card\" content=\"summary_large_image\" \/>\n<meta name=\"twitter:label1\" content=\"\u00c9crit par\" \/>\n\t<meta name=\"twitter:data1\" content=\"Simone\" \/>\n\t<meta name=\"twitter:label2\" content=\"Dur\u00e9e de lecture estim\u00e9e\" \/>\n\t<meta name=\"twitter:data2\" content=\"1 minute\" \/>\n<script type=\"application\/ld+json\" class=\"yoast-schema-graph\">{\"@context\":\"https:\/\/schema.org\",\"@graph\":[{\"@type\":\"WebPage\",\"@id\":\"https:\/\/bisci.it\/fr\/2026\/04\/08\/bisci-a-operawine-2026-sette-volte-tra-i-migliori-ditalia\/\",\"url\":\"https:\/\/bisci.it\/fr\/2026\/04\/08\/bisci-a-operawine-2026-sette-volte-tra-i-migliori-ditalia\/\",\"name\":\"Bisci a OperaWine 2026 - Sette volte tra i migliori d'Italia - BISCI Vini\",\"isPartOf\":{\"@id\":\"https:\/\/bisci.it\/fr\/#website\"},\"primaryImageOfPage\":{\"@id\":\"https:\/\/bisci.it\/fr\/2026\/04\/08\/bisci-a-operawine-2026-sette-volte-tra-i-migliori-ditalia\/#primaryimage\"},\"image\":{\"@id\":\"https:\/\/bisci.it\/fr\/2026\/04\/08\/bisci-a-operawine-2026-sette-volte-tra-i-migliori-ditalia\/#primaryimage\"},\"thumbnailUrl\":\"https:\/\/bisci.it\/wp-content\/uploads\/2026\/04\/OPERA-WINE-2026-BISCI.jpg\",\"datePublished\":\"2026-04-08T10:41:51+00:00\",\"author\":{\"@id\":\"https:\/\/bisci.it\/fr\/#\/schema\/person\/51e4650e75fd995547fd9049e0e2a988\"},\"breadcrumb\":{\"@id\":\"https:\/\/bisci.it\/fr\/2026\/04\/08\/bisci-a-operawine-2026-sette-volte-tra-i-migliori-ditalia\/#breadcrumb\"},\"inLanguage\":\"fr-FR\",\"potentialAction\":[{\"@type\":\"ReadAction\",\"target\":[\"https:\/\/bisci.it\/fr\/2026\/04\/08\/bisci-a-operawine-2026-sette-volte-tra-i-migliori-ditalia\/\"]}]},{\"@type\":\"ImageObject\",\"inLanguage\":\"fr-FR\",\"@id\":\"https:\/\/bisci.it\/fr\/2026\/04\/08\/bisci-a-operawine-2026-sette-volte-tra-i-migliori-ditalia\/#primaryimage\",\"url\":\"https:\/\/bisci.it\/wp-content\/uploads\/2026\/04\/OPERA-WINE-2026-BISCI.jpg\",\"contentUrl\":\"https:\/\/bisci.it\/wp-content\/uploads\/2026\/04\/OPERA-WINE-2026-BISCI.jpg\",\"width\":1080,\"height\":1350,\"caption\":\"OPERA WINE 2026 BISCI\"},{\"@type\":\"BreadcrumbList\",\"@id\":\"https:\/\/bisci.it\/fr\/2026\/04\/08\/bisci-a-operawine-2026-sette-volte-tra-i-migliori-ditalia\/#breadcrumb\",\"itemListElement\":[{\"@type\":\"ListItem\",\"position\":1,\"name\":\"Home\",\"item\":\"https:\/\/bisci.it\/fr\/\"},{\"@type\":\"ListItem\",\"position\":2,\"name\":\"Bisci a OperaWine 2026 &#8211; Sette volte tra i migliori d&#8217;Italia\"}]},{\"@type\":\"WebSite\",\"@id\":\"https:\/\/bisci.it\/fr\/#website\",\"url\":\"https:\/\/bisci.it\/fr\/\",\"name\":\"BISCI Vini\",\"description\":\"Cantina BISCI - Matelica\",\"potentialAction\":[{\"@type\":\"SearchAction\",\"target\":{\"@type\":\"EntryPoint\",\"urlTemplate\":\"https:\/\/bisci.it\/fr\/?s={search_term_string}\"},\"query-input\":{\"@type\":\"PropertyValueSpecification\",\"valueRequired\":true,\"valueName\":\"search_term_string\"}}],\"inLanguage\":\"fr-FR\"},{\"@type\":\"Person\",\"@id\":\"https:\/\/bisci.it\/fr\/#\/schema\/person\/51e4650e75fd995547fd9049e0e2a988\",\"name\":\"Simone\",\"image\":{\"@type\":\"ImageObject\",\"inLanguage\":\"fr-FR\",\"@id\":\"https:\/\/bisci.it\/fr\/#\/schema\/person\/image\/\",\"url\":\"https:\/\/secure.gravatar.com\/avatar\/098935e1840d598edd3ea64982be310a4675dcb129b8f7e67a061a5487afb0f4?s=96&d=mm&r=g\",\"contentUrl\":\"https:\/\/secure.gravatar.com\/avatar\/098935e1840d598edd3ea64982be310a4675dcb129b8f7e67a061a5487afb0f4?s=96&d=mm&r=g\",\"caption\":\"Simone\"}}]}<\/script>\n<!-- \/ Yoast SEO plugin. -->","yoast_head_json":{"title":"Bisci a OperaWine 2026 - Sette volte tra i migliori d'Italia - BISCI Vini","robots":{"index":"index","follow":"follow","max-snippet":"max-snippet:-1","max-image-preview":"max-image-preview:large","max-video-preview":"max-video-preview:-1"},"canonical":"https:\/\/bisci.it\/fr\/2026\/04\/08\/bisci-a-operawine-2026-sette-volte-tra-i-migliori-ditalia\/","og_locale":"fr_FR","og_type":"article","og_title":"Bisci a OperaWine 2026 - Sette volte tra i migliori d'Italia - BISCI Vini","og_description":"Bisci a OperaWine 2026 \u2014 Sette volte tra i migliori d&rsquo;Italia L&rsquo;11 aprile 2026, a Verona, Bisci sar\u00e0 ancora una [&hellip;]","og_url":"https:\/\/bisci.it\/fr\/2026\/04\/08\/bisci-a-operawine-2026-sette-volte-tra-i-migliori-ditalia\/","og_site_name":"BISCI Vini","article_published_time":"2026-04-08T10:41:51+00:00","og_image":[{"width":1080,"height":1350,"url":"https:\/\/bisci.it\/wp-content\/uploads\/2026\/04\/OPERA-WINE-2026-BISCI.jpg","type":"image\/jpeg"}],"author":"Simone","twitter_card":"summary_large_image","twitter_misc":{"\u00c9crit par":"Simone","Dur\u00e9e de lecture estim\u00e9e":"1 minute"},"schema":{"@context":"https:\/\/schema.org","@graph":[{"@type":"WebPage","@id":"https:\/\/bisci.it\/fr\/2026\/04\/08\/bisci-a-operawine-2026-sette-volte-tra-i-migliori-ditalia\/","url":"https:\/\/bisci.it\/fr\/2026\/04\/08\/bisci-a-operawine-2026-sette-volte-tra-i-migliori-ditalia\/","name":"Bisci a OperaWine 2026 - Sette volte tra i migliori d'Italia - BISCI Vini","isPartOf":{"@id":"https:\/\/bisci.it\/fr\/#website"},"primaryImageOfPage":{"@id":"https:\/\/bisci.it\/fr\/2026\/04\/08\/bisci-a-operawine-2026-sette-volte-tra-i-migliori-ditalia\/#primaryimage"},"image":{"@id":"https:\/\/bisci.it\/fr\/2026\/04\/08\/bisci-a-operawine-2026-sette-volte-tra-i-migliori-ditalia\/#primaryimage"},"thumbnailUrl":"https:\/\/bisci.it\/wp-content\/uploads\/2026\/04\/OPERA-WINE-2026-BISCI.jpg","datePublished":"2026-04-08T10:41:51+00:00","author":{"@id":"https:\/\/bisci.it\/fr\/#\/schema\/person\/51e4650e75fd995547fd9049e0e2a988"},"breadcrumb":{"@id":"https:\/\/bisci.it\/fr\/2026\/04\/08\/bisci-a-operawine-2026-sette-volte-tra-i-migliori-ditalia\/#breadcrumb"},"inLanguage":"fr-FR","potentialAction":[{"@type":"ReadAction","target":["https:\/\/bisci.it\/fr\/2026\/04\/08\/bisci-a-operawine-2026-sette-volte-tra-i-migliori-ditalia\/"]}]},{"@type":"ImageObject","inLanguage":"fr-FR","@id":"https:\/\/bisci.it\/fr\/2026\/04\/08\/bisci-a-operawine-2026-sette-volte-tra-i-migliori-ditalia\/#primaryimage","url":"https:\/\/bisci.it\/wp-content\/uploads\/2026\/04\/OPERA-WINE-2026-BISCI.jpg","contentUrl":"https:\/\/bisci.it\/wp-content\/uploads\/2026\/04\/OPERA-WINE-2026-BISCI.jpg","width":1080,"height":1350,"caption":"OPERA WINE 2026 BISCI"},{"@type":"BreadcrumbList","@id":"https:\/\/bisci.it\/fr\/2026\/04\/08\/bisci-a-operawine-2026-sette-volte-tra-i-migliori-ditalia\/#breadcrumb","itemListElement":[{"@type":"ListItem","position":1,"name":"Home","item":"https:\/\/bisci.it\/fr\/"},{"@type":"ListItem","position":2,"name":"Bisci a OperaWine 2026 &#8211; Sette volte tra i migliori d&#8217;Italia"}]},{"@type":"WebSite","@id":"https:\/\/bisci.it\/fr\/#website","url":"https:\/\/bisci.it\/fr\/","name":"BISCI Vini","description":"Cantina BISCI - Matelica","potentialAction":[{"@type":"SearchAction","target":{"@type":"EntryPoint","urlTemplate":"https:\/\/bisci.it\/fr\/?s={search_term_string}"},"query-input":{"@type":"PropertyValueSpecification","valueRequired":true,"valueName":"search_term_string"}}],"inLanguage":"fr-FR"},{"@type":"Person","@id":"https:\/\/bisci.it\/fr\/#\/schema\/person\/51e4650e75fd995547fd9049e0e2a988","name":"Simone","image":{"@type":"ImageObject","inLanguage":"fr-FR","@id":"https:\/\/bisci.it\/fr\/#\/schema\/person\/image\/","url":"https:\/\/secure.gravatar.com\/avatar\/098935e1840d598edd3ea64982be310a4675dcb129b8f7e67a061a5487afb0f4?s=96&d=mm&r=g","contentUrl":"https:\/\/secure.gravatar.com\/avatar\/098935e1840d598edd3ea64982be310a4675dcb129b8f7e67a061a5487afb0f4?s=96&d=mm&r=g","caption":"Simone"}}]}},"_links":{"self":[{"href":"https:\/\/bisci.it\/fr\/wp-json\/wp\/v2\/posts\/3780","targetHints":{"allow":["GET"]}}],"collection":[{"href":"https:\/\/bisci.it\/fr\/wp-json\/wp\/v2\/posts"}],"about":[{"href":"https:\/\/bisci.it\/fr\/wp-json\/wp\/v2\/types\/post"}],"author":[{"embeddable":true,"href":"https:\/\/bisci.it\/fr\/wp-json\/wp\/v2\/users\/2"}],"replies":[{"embeddable":true,"href":"https:\/\/bisci.it\/fr\/wp-json\/wp\/v2\/comments?post=3780"}],"version-history":[{"count":0,"href":"https:\/\/bisci.it\/fr\/wp-json\/wp\/v2\/posts\/3780\/revisions"}],"wp:featuredmedia":[{"embeddable":true,"href":"https:\/\/bisci.it\/fr\/wp-json\/wp\/v2\/media\/3781"}],"wp:attachment":[{"href":"https:\/\/bisci.it\/fr\/wp-json\/wp\/v2\/media?parent=3780"}],"wp:term":[{"taxonomy":"category","embeddable":true,"href":"https:\/\/bisci.it\/fr\/wp-json\/wp\/v2\/categories?post=3780"},{"taxonomy":"post_tag","embeddable":true,"href":"https:\/\/bisci.it\/fr\/wp-json\/wp\/v2\/tags?post=3780"}],"curies":[{"name":"wp","href":"https:\/\/api.w.org\/{rel}","templated":true}]}}