{"id":3779,"date":"2026-01-26T15:01:43","date_gmt":"2026-01-26T14:01:43","guid":{"rendered":"https:\/\/bisci.it\/2026\/01\/26\/bisci-premiata-dal-gambero-rosso-verdicchio-di-matelica-2024-bere-bene\/"},"modified":"2026-01-26T15:01:43","modified_gmt":"2026-01-26T14:01:43","slug":"bisci-premiata-dal-gambero-rosso-verdicchio-di-matelica-2024-bere-bene","status":"publish","type":"post","link":"https:\/\/bisci.it\/fr\/2026\/01\/26\/bisci-premiata-dal-gambero-rosso-verdicchio-di-matelica-2024-bere-bene\/","title":{"rendered":"Bisci premiata dal Gambero Rosso | Verdicchio di Matelica 2024 \u201cBere Bene\u201d"},"content":{"rendered":"<p><a href=\"https:\/\/bisci.it\/fr\/product\/verdicchio-di-matelica-d-o-c\/\" target=\"_blank\" rel=\"noopener\"><img decoding=\"async\" class=\"alignleft wp-image-3278 size-medium\" src=\"https:\/\/bisci.it\/wp-content\/uploads\/2026\/01\/MIGLIORI-VINI-ITALIANI-VERDICCHIO-DI-MATELICA-GAMBERO-ROSSO-BISCI--240x300.jpg\" alt=\"MIGLIORI-VINI-ITALIANI-VERDICCHIO-DI-MATELICA-GAMBERO-ROSSO-BISCI-\" width=\"240\" height=\"300\" srcset=\"https:\/\/bisci.it\/wp-content\/uploads\/2026\/01\/MIGLIORI-VINI-ITALIANI-VERDICCHIO-DI-MATELICA-GAMBERO-ROSSO-BISCI--240x300.jpg 240w, https:\/\/bisci.it\/wp-content\/uploads\/2026\/01\/MIGLIORI-VINI-ITALIANI-VERDICCHIO-DI-MATELICA-GAMBERO-ROSSO-BISCI--819x1024.jpg 819w, https:\/\/bisci.it\/wp-content\/uploads\/2026\/01\/MIGLIORI-VINI-ITALIANI-VERDICCHIO-DI-MATELICA-GAMBERO-ROSSO-BISCI--768x960.jpg 768w, https:\/\/bisci.it\/wp-content\/uploads\/2026\/01\/MIGLIORI-VINI-ITALIANI-VERDICCHIO-DI-MATELICA-GAMBERO-ROSSO-BISCI--350x438.jpg 350w, https:\/\/bisci.it\/wp-content\/uploads\/2026\/01\/MIGLIORI-VINI-ITALIANI-VERDICCHIO-DI-MATELICA-GAMBERO-ROSSO-BISCI--600x750.jpg 600w, https:\/\/bisci.it\/wp-content\/uploads\/2026\/01\/MIGLIORI-VINI-ITALIANI-VERDICCHIO-DI-MATELICA-GAMBERO-ROSSO-BISCI-.jpg 1080w\" sizes=\"(max-width: 240px) 100vw, 240px\" \/><\/a><\/p>\n<h2 data-start=\"167\" data-end=\"274\">Bisci premiata dal Gambero Rosso: il Verdicchio di Matelica 2024 conquista il riconoscimento \u201cBere Bene<span style=\"font-size: 14px;\">\u201d<\/span><\/h2>\n<p data-start=\"276\" data-end=\"618\">L\u2019azienda <strong data-start=\"286\" data-end=\"295\">Bisci<\/strong> entra ufficialmente tra i protagonisti dei <strong data-start=\"339\" data-end=\"365\">migliori vini italiani<\/strong> grazie al prestigioso riconoscimento <strong data-start=\"403\" data-end=\"436\">\u201cBere Bene\u201d del Gambero Rosso<\/strong>, assegnato al <a href=\"https:\/\/bisci.it\/fr\/product\/verdicchio-di-matelica-d-o-c\/\"><strong data-start=\"451\" data-end=\"482\">Verdicchio di Matelica 2024<\/strong><\/a>. Un premio che conferma l\u2019eccellenza di un vino capace di unire qualit\u00e0, identit\u00e0 territoriale e straordinario rapporto qualit\u00e0-prezzo.<\/p>\n<p data-start=\"620\" data-end=\"929\">Il <strong data-start=\"623\" data-end=\"640\">Gambero Rosso<\/strong>, punto di riferimento assoluto nel panorama enologico nazionale, premia ogni anno le etichette che si distinguono non solo per l\u2019altissimo livello qualitativo, ma anche per l\u2019accessibilit\u00e0 al consumatore. Il Verdicchio di Matelica 2024 di <strong data-start=\"880\" data-end=\"889\">Bisci<\/strong> incarna perfettamente questa filosofia.<\/p>\n<h3 data-start=\"931\" data-end=\"987\">Un Verdicchio di Matelica che racconta il territorio<\/h3>\n<p data-start=\"988\" data-end=\"1332\">Prodotto nel cuore dell\u2019entroterra marchigiano, il <a href=\"https:\/\/bisci.it\/fr\/product\/verdicchio-di-matelica-d-o-c\/\"><strong data-start=\"1039\" data-end=\"1076\">Verdicchio di Matelica Bisci 2024<\/strong><\/a> esprime tutta la forza e l\u2019eleganza di un territorio unico. Al naso emergono note floreali e fruttate, accompagnate da una piacevole mineralit\u00e0; al palato \u00e8 fresco, equilibrato e persistente, con una struttura che lo rende estremamente versatile a tavola.<\/p>\n<p data-start=\"1334\" data-end=\"1542\">Questo premio del <a href=\"https:\/\/www.gamberorosso.it\/\"><strong data-start=\"1352\" data-end=\"1369\">Gambero Rosso<\/strong><\/a> conferma ancora una volta il ruolo di <strong data-start=\"1408\" data-end=\"1417\">Bisci<\/strong> come interprete autentico del Verdicchio, capace di valorizzare al massimo le caratteristiche del vitigno e del suo terroir.<\/p>\n","protected":false},"excerpt":{"rendered":"<p>Bisci premiata dal Gambero Rosso: il Verdicchio di Matelica 2024 conquista il riconoscimento \u201cBere Bene\u201d L\u2019azienda Bisci entra ufficialmente tra [&hellip;]<\/p>\n","protected":false},"author":8,"featured_media":3783,"comment_status":"open","ping_status":"open","sticky":false,"template":"","format":"standard","meta":{"mc4wp_mailchimp_campaign":[],"footnotes":""},"categories":[190],"tags":[192,193],"class_list":["post-3779","post","type-post","status-publish","format-standard","has-post-thumbnail","hentry","category-premi","tag-gambero-rosso","tag-verdicchio-di-matelica"],"yoast_head":"<!-- This site is optimized with the Yoast SEO plugin v26.0 - https:\/\/yoast.com\/wordpress\/plugins\/seo\/ -->\n<title>Bisci premiata dal Gambero Rosso | Verdicchio di Matelica 2024 \u201cBere Bene\u201d - BISCI Vini<\/title>\n<meta name=\"robots\" content=\"index, follow, max-snippet:-1, max-image-preview:large, max-video-preview:-1\" \/>\n<link rel=\"canonical\" href=\"https:\/\/bisci.it\/fr\/2026\/01\/26\/bisci-premiata-dal-gambero-rosso-verdicchio-di-matelica-2024-bere-bene\/\" \/>\n<meta property=\"og:locale\" content=\"fr_FR\" \/>\n<meta property=\"og:type\" content=\"article\" \/>\n<meta property=\"og:title\" content=\"Bisci premiata dal Gambero Rosso | Verdicchio di Matelica 2024 \u201cBere Bene\u201d - BISCI Vini\" \/>\n<meta property=\"og:description\" content=\"Bisci premiata dal Gambero Rosso: il Verdicchio di Matelica 2024 conquista il riconoscimento \u201cBere Bene\u201d L\u2019azienda Bisci entra ufficialmente tra [&hellip;]\" \/>\n<meta property=\"og:url\" content=\"https:\/\/bisci.it\/fr\/2026\/01\/26\/bisci-premiata-dal-gambero-rosso-verdicchio-di-matelica-2024-bere-bene\/\" \/>\n<meta property=\"og:site_name\" content=\"BISCI Vini\" \/>\n<meta property=\"article:published_time\" content=\"2026-01-26T14:01:43+00:00\" \/>\n<meta property=\"og:image\" content=\"https:\/\/bisci.it\/wp-content\/uploads\/2026\/01\/MIGLIORI-VINI-ITALIANI-VERDICCHIO-DI-MATELICA-GAMBERO-ROSSO-BISCI-.jpg\" \/>\n\t<meta property=\"og:image:width\" content=\"1080\" \/>\n\t<meta property=\"og:image:height\" content=\"1350\" \/>\n\t<meta property=\"og:image:type\" content=\"image\/jpeg\" \/>\n<meta name=\"author\" content=\"Valentina\" \/>\n<meta name=\"twitter:card\" content=\"summary_large_image\" \/>\n<meta name=\"twitter:label1\" content=\"\u00c9crit par\" \/>\n\t<meta name=\"twitter:data1\" content=\"Valentina\" \/>\n\t<meta name=\"twitter:label2\" content=\"Dur\u00e9e de lecture estim\u00e9e\" \/>\n\t<meta name=\"twitter:data2\" content=\"1 minute\" \/>\n<script type=\"application\/ld+json\" class=\"yoast-schema-graph\">{\"@context\":\"https:\/\/schema.org\",\"@graph\":[{\"@type\":\"WebPage\",\"@id\":\"https:\/\/bisci.it\/fr\/2026\/01\/26\/bisci-premiata-dal-gambero-rosso-verdicchio-di-matelica-2024-bere-bene\/\",\"url\":\"https:\/\/bisci.it\/fr\/2026\/01\/26\/bisci-premiata-dal-gambero-rosso-verdicchio-di-matelica-2024-bere-bene\/\",\"name\":\"Bisci premiata dal Gambero Rosso | Verdicchio di Matelica 2024 \u201cBere Bene\u201d - BISCI Vini\",\"isPartOf\":{\"@id\":\"https:\/\/bisci.it\/fr\/#website\"},\"primaryImageOfPage\":{\"@id\":\"https:\/\/bisci.it\/fr\/2026\/01\/26\/bisci-premiata-dal-gambero-rosso-verdicchio-di-matelica-2024-bere-bene\/#primaryimage\"},\"image\":{\"@id\":\"https:\/\/bisci.it\/fr\/2026\/01\/26\/bisci-premiata-dal-gambero-rosso-verdicchio-di-matelica-2024-bere-bene\/#primaryimage\"},\"thumbnailUrl\":\"https:\/\/bisci.it\/wp-content\/uploads\/2026\/01\/MIGLIORI-VINI-ITALIANI-VERDICCHIO-DI-MATELICA-GAMBERO-ROSSO-BISCI-.jpg\",\"datePublished\":\"2026-01-26T14:01:43+00:00\",\"author\":{\"@id\":\"https:\/\/bisci.it\/fr\/#\/schema\/person\/588a0cd86e1a58abfd656daf52ee7225\"},\"breadcrumb\":{\"@id\":\"https:\/\/bisci.it\/fr\/2026\/01\/26\/bisci-premiata-dal-gambero-rosso-verdicchio-di-matelica-2024-bere-bene\/#breadcrumb\"},\"inLanguage\":\"fr-FR\",\"potentialAction\":[{\"@type\":\"ReadAction\",\"target\":[\"https:\/\/bisci.it\/fr\/2026\/01\/26\/bisci-premiata-dal-gambero-rosso-verdicchio-di-matelica-2024-bere-bene\/\"]}]},{\"@type\":\"ImageObject\",\"inLanguage\":\"fr-FR\",\"@id\":\"https:\/\/bisci.it\/fr\/2026\/01\/26\/bisci-premiata-dal-gambero-rosso-verdicchio-di-matelica-2024-bere-bene\/#primaryimage\",\"url\":\"https:\/\/bisci.it\/wp-content\/uploads\/2026\/01\/MIGLIORI-VINI-ITALIANI-VERDICCHIO-DI-MATELICA-GAMBERO-ROSSO-BISCI-.jpg\",\"contentUrl\":\"https:\/\/bisci.it\/wp-content\/uploads\/2026\/01\/MIGLIORI-VINI-ITALIANI-VERDICCHIO-DI-MATELICA-GAMBERO-ROSSO-BISCI-.jpg\",\"width\":1080,\"height\":1350,\"caption\":\"MIGLIORI-VINI-ITALIANI-VERDICCHIO-DI-MATELICA-GAMBERO-ROSSO-BISCI-\"},{\"@type\":\"BreadcrumbList\",\"@id\":\"https:\/\/bisci.it\/fr\/2026\/01\/26\/bisci-premiata-dal-gambero-rosso-verdicchio-di-matelica-2024-bere-bene\/#breadcrumb\",\"itemListElement\":[{\"@type\":\"ListItem\",\"position\":1,\"name\":\"Home\",\"item\":\"https:\/\/bisci.it\/fr\/\"},{\"@type\":\"ListItem\",\"position\":2,\"name\":\"Bisci premiata dal Gambero Rosso | Verdicchio di Matelica 2024 \u201cBere Bene\u201d\"}]},{\"@type\":\"WebSite\",\"@id\":\"https:\/\/bisci.it\/fr\/#website\",\"url\":\"https:\/\/bisci.it\/fr\/\",\"name\":\"BISCI Vini\",\"description\":\"Cantina BISCI - Matelica\",\"potentialAction\":[{\"@type\":\"SearchAction\",\"target\":{\"@type\":\"EntryPoint\",\"urlTemplate\":\"https:\/\/bisci.it\/fr\/?s={search_term_string}\"},\"query-input\":{\"@type\":\"PropertyValueSpecification\",\"valueRequired\":true,\"valueName\":\"search_term_string\"}}],\"inLanguage\":\"fr-FR\"},{\"@type\":\"Person\",\"@id\":\"https:\/\/bisci.it\/fr\/#\/schema\/person\/588a0cd86e1a58abfd656daf52ee7225\",\"name\":\"Valentina\",\"image\":{\"@type\":\"ImageObject\",\"inLanguage\":\"fr-FR\",\"@id\":\"https:\/\/bisci.it\/fr\/#\/schema\/person\/image\/\",\"url\":\"https:\/\/secure.gravatar.com\/avatar\/6518b30bde2fc863a1a036a7a81c8c4ac8d2fc93a2cac734d9bc8b1eb03e1675?s=96&d=mm&r=g\",\"contentUrl\":\"https:\/\/secure.gravatar.com\/avatar\/6518b30bde2fc863a1a036a7a81c8c4ac8d2fc93a2cac734d9bc8b1eb03e1675?s=96&d=mm&r=g\",\"caption\":\"Valentina\"}}]}<\/script>\n<!-- \/ Yoast SEO plugin. -->","yoast_head_json":{"title":"Bisci premiata dal Gambero Rosso | Verdicchio di Matelica 2024 \u201cBere Bene\u201d - BISCI Vini","robots":{"index":"index","follow":"follow","max-snippet":"max-snippet:-1","max-image-preview":"max-image-preview:large","max-video-preview":"max-video-preview:-1"},"canonical":"https:\/\/bisci.it\/fr\/2026\/01\/26\/bisci-premiata-dal-gambero-rosso-verdicchio-di-matelica-2024-bere-bene\/","og_locale":"fr_FR","og_type":"article","og_title":"Bisci premiata dal Gambero Rosso | Verdicchio di Matelica 2024 \u201cBere Bene\u201d - BISCI Vini","og_description":"Bisci premiata dal Gambero Rosso: il Verdicchio di Matelica 2024 conquista il riconoscimento \u201cBere Bene\u201d L\u2019azienda Bisci entra ufficialmente tra [&hellip;]","og_url":"https:\/\/bisci.it\/fr\/2026\/01\/26\/bisci-premiata-dal-gambero-rosso-verdicchio-di-matelica-2024-bere-bene\/","og_site_name":"BISCI Vini","article_published_time":"2026-01-26T14:01:43+00:00","og_image":[{"width":1080,"height":1350,"url":"https:\/\/bisci.it\/wp-content\/uploads\/2026\/01\/MIGLIORI-VINI-ITALIANI-VERDICCHIO-DI-MATELICA-GAMBERO-ROSSO-BISCI-.jpg","type":"image\/jpeg"}],"author":"Valentina","twitter_card":"summary_large_image","twitter_misc":{"\u00c9crit par":"Valentina","Dur\u00e9e de lecture estim\u00e9e":"1 minute"},"schema":{"@context":"https:\/\/schema.org","@graph":[{"@type":"WebPage","@id":"https:\/\/bisci.it\/fr\/2026\/01\/26\/bisci-premiata-dal-gambero-rosso-verdicchio-di-matelica-2024-bere-bene\/","url":"https:\/\/bisci.it\/fr\/2026\/01\/26\/bisci-premiata-dal-gambero-rosso-verdicchio-di-matelica-2024-bere-bene\/","name":"Bisci premiata dal Gambero Rosso | Verdicchio di Matelica 2024 \u201cBere Bene\u201d - BISCI Vini","isPartOf":{"@id":"https:\/\/bisci.it\/fr\/#website"},"primaryImageOfPage":{"@id":"https:\/\/bisci.it\/fr\/2026\/01\/26\/bisci-premiata-dal-gambero-rosso-verdicchio-di-matelica-2024-bere-bene\/#primaryimage"},"image":{"@id":"https:\/\/bisci.it\/fr\/2026\/01\/26\/bisci-premiata-dal-gambero-rosso-verdicchio-di-matelica-2024-bere-bene\/#primaryimage"},"thumbnailUrl":"https:\/\/bisci.it\/wp-content\/uploads\/2026\/01\/MIGLIORI-VINI-ITALIANI-VERDICCHIO-DI-MATELICA-GAMBERO-ROSSO-BISCI-.jpg","datePublished":"2026-01-26T14:01:43+00:00","author":{"@id":"https:\/\/bisci.it\/fr\/#\/schema\/person\/588a0cd86e1a58abfd656daf52ee7225"},"breadcrumb":{"@id":"https:\/\/bisci.it\/fr\/2026\/01\/26\/bisci-premiata-dal-gambero-rosso-verdicchio-di-matelica-2024-bere-bene\/#breadcrumb"},"inLanguage":"fr-FR","potentialAction":[{"@type":"ReadAction","target":["https:\/\/bisci.it\/fr\/2026\/01\/26\/bisci-premiata-dal-gambero-rosso-verdicchio-di-matelica-2024-bere-bene\/"]}]},{"@type":"ImageObject","inLanguage":"fr-FR","@id":"https:\/\/bisci.it\/fr\/2026\/01\/26\/bisci-premiata-dal-gambero-rosso-verdicchio-di-matelica-2024-bere-bene\/#primaryimage","url":"https:\/\/bisci.it\/wp-content\/uploads\/2026\/01\/MIGLIORI-VINI-ITALIANI-VERDICCHIO-DI-MATELICA-GAMBERO-ROSSO-BISCI-.jpg","contentUrl":"https:\/\/bisci.it\/wp-content\/uploads\/2026\/01\/MIGLIORI-VINI-ITALIANI-VERDICCHIO-DI-MATELICA-GAMBERO-ROSSO-BISCI-.jpg","width":1080,"height":1350,"caption":"MIGLIORI-VINI-ITALIANI-VERDICCHIO-DI-MATELICA-GAMBERO-ROSSO-BISCI-"},{"@type":"BreadcrumbList","@id":"https:\/\/bisci.it\/fr\/2026\/01\/26\/bisci-premiata-dal-gambero-rosso-verdicchio-di-matelica-2024-bere-bene\/#breadcrumb","itemListElement":[{"@type":"ListItem","position":1,"name":"Home","item":"https:\/\/bisci.it\/fr\/"},{"@type":"ListItem","position":2,"name":"Bisci premiata dal Gambero Rosso | Verdicchio di Matelica 2024 \u201cBere Bene\u201d"}]},{"@type":"WebSite","@id":"https:\/\/bisci.it\/fr\/#website","url":"https:\/\/bisci.it\/fr\/","name":"BISCI Vini","description":"Cantina BISCI - Matelica","potentialAction":[{"@type":"SearchAction","target":{"@type":"EntryPoint","urlTemplate":"https:\/\/bisci.it\/fr\/?s={search_term_string}"},"query-input":{"@type":"PropertyValueSpecification","valueRequired":true,"valueName":"search_term_string"}}],"inLanguage":"fr-FR"},{"@type":"Person","@id":"https:\/\/bisci.it\/fr\/#\/schema\/person\/588a0cd86e1a58abfd656daf52ee7225","name":"Valentina","image":{"@type":"ImageObject","inLanguage":"fr-FR","@id":"https:\/\/bisci.it\/fr\/#\/schema\/person\/image\/","url":"https:\/\/secure.gravatar.com\/avatar\/6518b30bde2fc863a1a036a7a81c8c4ac8d2fc93a2cac734d9bc8b1eb03e1675?s=96&d=mm&r=g","contentUrl":"https:\/\/secure.gravatar.com\/avatar\/6518b30bde2fc863a1a036a7a81c8c4ac8d2fc93a2cac734d9bc8b1eb03e1675?s=96&d=mm&r=g","caption":"Valentina"}}]}},"_links":{"self":[{"href":"https:\/\/bisci.it\/fr\/wp-json\/wp\/v2\/posts\/3779","targetHints":{"allow":["GET"]}}],"collection":[{"href":"https:\/\/bisci.it\/fr\/wp-json\/wp\/v2\/posts"}],"about":[{"href":"https:\/\/bisci.it\/fr\/wp-json\/wp\/v2\/types\/post"}],"author":[{"embeddable":true,"href":"https:\/\/bisci.it\/fr\/wp-json\/wp\/v2\/users\/8"}],"replies":[{"embeddable":true,"href":"https:\/\/bisci.it\/fr\/wp-json\/wp\/v2\/comments?post=3779"}],"version-history":[{"count":0,"href":"https:\/\/bisci.it\/fr\/wp-json\/wp\/v2\/posts\/3779\/revisions"}],"wp:featuredmedia":[{"embeddable":true,"href":"https:\/\/bisci.it\/fr\/wp-json\/wp\/v2\/media\/3783"}],"wp:attachment":[{"href":"https:\/\/bisci.it\/fr\/wp-json\/wp\/v2\/media?parent=3779"}],"wp:term":[{"taxonomy":"category","embeddable":true,"href":"https:\/\/bisci.it\/fr\/wp-json\/wp\/v2\/categories?post=3779"},{"taxonomy":"post_tag","embeddable":true,"href":"https:\/\/bisci.it\/fr\/wp-json\/wp\/v2\/tags?post=3779"}],"curies":[{"name":"wp","href":"https:\/\/api.w.org\/{rel}","templated":true}]}}