{"id":3775,"date":"2026-04-07T11:00:02","date_gmt":"2026-04-07T09:00:02","guid":{"rendered":"https:\/\/bisci.it\/2026\/04\/07\/bisci-a-summa-2026\/"},"modified":"2026-04-07T11:00:02","modified_gmt":"2026-04-07T09:00:02","slug":"bisci-a-summa-2026","status":"publish","type":"post","link":"https:\/\/bisci.it\/fr\/2026\/04\/07\/bisci-a-summa-2026\/","title":{"rendered":"Bisci a Summa 2026"},"content":{"rendered":"<p><img decoding=\"async\" class=\"alignnone wp-image-3524 size-full\" src=\"https:\/\/bisci.it\/wp-content\/uploads\/2025\/12\/bisci-a-Summa-2026.jpg\" alt=\"bisci a Summa 2026\" width=\"1080\" height=\"1350\" srcset=\"https:\/\/bisci.it\/wp-content\/uploads\/2025\/12\/bisci-a-Summa-2026.jpg 1080w, https:\/\/bisci.it\/wp-content\/uploads\/2025\/12\/bisci-a-Summa-2026-240x300.jpg 240w, https:\/\/bisci.it\/wp-content\/uploads\/2025\/12\/bisci-a-Summa-2026-819x1024.jpg 819w, https:\/\/bisci.it\/wp-content\/uploads\/2025\/12\/bisci-a-Summa-2026-768x960.jpg 768w, https:\/\/bisci.it\/wp-content\/uploads\/2025\/12\/bisci-a-Summa-2026-350x438.jpg 350w, https:\/\/bisci.it\/wp-content\/uploads\/2025\/12\/bisci-a-Summa-2026-600x750.jpg 600w\" sizes=\"(max-width: 1080px) 100vw, 1080px\" \/><\/p>\n<h2 class=\"x_gmail-text-text-100 x_gmail-mt-3 x_gmail--mb-1 x_gmail-text-[1.125rem] x_gmail-font-bold\" data-olk-copy-source=\"MessageBody\">Bisci a Summa 2026<\/h2>\n<p class=\"x_gmail-font-claude-response-body x_gmail-break-words x_gmail-whitespace-normal x_gmail-leading-[1.7]\">Saremo presenti a <a href=\"https:\/\/summa-al.eu\/it\/\" target=\"_blank\" rel=\"noopener\"><strong>Summa 2026<\/strong><\/a>, uno degli appuntamenti pi\u00f9 attesi e prestigiosi nel panorama del vino artigianale e naturale italiano e internazionale.<\/p>\n<p class=\"x_gmail-font-claude-response-body x_gmail-break-words x_gmail-whitespace-normal x_gmail-leading-[1.7]\">La manifestazione si terr\u00e0 l&rsquo;<strong>11 e 12 aprile 2026 a Magr\u00e8, in Alto Adige<\/strong>, ospitata come ogni anno dalla cantina Alois Lageder \u2014 un luogo che incarna perfettamente i valori di rispetto per il territorio e per il lavoro in vigna che guidano anche il nostro modo di fare vino nelle Marche.<\/p>\n<p class=\"x_gmail-font-claude-response-body x_gmail-break-words x_gmail-whitespace-normal x_gmail-leading-[1.7]\">Summa riunisce ogni anno alcune delle cantine pi\u00f9 interessanti e coraggiose d&rsquo;Europa, accomunate da un approccio autentico alla viticoltura e alla vinificazione. Per noi \u00e8 un&rsquo;occasione preziosa per confrontarci, raccontare il nostro Verdicchio di Matelica e incontrare appassionati e professionisti del settore da tutto il mondo.<\/p>\n<p class=\"x_gmail-font-claude-response-body x_gmail-break-words x_gmail-whitespace-normal x_gmail-leading-[1.7]\">Vi aspettiamo al nostro stand per assaggiare insieme i vini della nostra ultima annata e parlare del territorio unico che \u00e8 la DOC Verdicchio di Matelica.<\/p>\n<p>&nbsp;<\/p>\n","protected":false},"excerpt":{"rendered":"<p>Saremo presenti a Summa 2026<\/p>\n","protected":false},"author":8,"featured_media":3777,"comment_status":"open","ping_status":"open","sticky":false,"template":"","format":"standard","meta":{"mc4wp_mailchimp_campaign":[],"footnotes":""},"categories":[186,187],"tags":[188],"class_list":["post-3775","post","type-post","status-publish","format-standard","has-post-thumbnail","hentry","category-eventi","category-novita","tag-summa"],"yoast_head":"<!-- This site is optimized with the Yoast SEO plugin v26.0 - https:\/\/yoast.com\/wordpress\/plugins\/seo\/ -->\n<title>Bisci a Summa 2026 - BISCI Vini<\/title>\n<meta name=\"robots\" content=\"index, follow, max-snippet:-1, max-image-preview:large, max-video-preview:-1\" \/>\n<link rel=\"canonical\" href=\"https:\/\/bisci.it\/fr\/2026\/04\/07\/bisci-a-summa-2026\/\" \/>\n<meta property=\"og:locale\" content=\"fr_FR\" \/>\n<meta property=\"og:type\" content=\"article\" \/>\n<meta property=\"og:title\" content=\"Bisci a Summa 2026 - BISCI Vini\" \/>\n<meta property=\"og:description\" content=\"Saremo presenti a Summa 2026\" \/>\n<meta property=\"og:url\" content=\"https:\/\/bisci.it\/fr\/2026\/04\/07\/bisci-a-summa-2026\/\" \/>\n<meta property=\"og:site_name\" content=\"BISCI Vini\" \/>\n<meta property=\"article:published_time\" content=\"2026-04-07T09:00:02+00:00\" \/>\n<meta property=\"og:image\" content=\"https:\/\/bisci.it\/wp-content\/uploads\/2025\/12\/bisci-a-Summa-2026.jpg\" \/>\n\t<meta property=\"og:image:width\" content=\"1080\" \/>\n\t<meta property=\"og:image:height\" content=\"1350\" \/>\n\t<meta property=\"og:image:type\" content=\"image\/jpeg\" \/>\n<meta name=\"author\" content=\"Valentina\" \/>\n<meta name=\"twitter:card\" content=\"summary_large_image\" \/>\n<meta name=\"twitter:label1\" content=\"\u00c9crit par\" \/>\n\t<meta name=\"twitter:data1\" content=\"Valentina\" \/>\n\t<meta name=\"twitter:label2\" content=\"Dur\u00e9e de lecture estim\u00e9e\" \/>\n\t<meta name=\"twitter:data2\" content=\"1 minute\" \/>\n<script type=\"application\/ld+json\" class=\"yoast-schema-graph\">{\"@context\":\"https:\/\/schema.org\",\"@graph\":[{\"@type\":\"WebPage\",\"@id\":\"https:\/\/bisci.it\/fr\/2026\/04\/07\/bisci-a-summa-2026\/\",\"url\":\"https:\/\/bisci.it\/fr\/2026\/04\/07\/bisci-a-summa-2026\/\",\"name\":\"Bisci a Summa 2026 - BISCI Vini\",\"isPartOf\":{\"@id\":\"https:\/\/bisci.it\/fr\/#website\"},\"primaryImageOfPage\":{\"@id\":\"https:\/\/bisci.it\/fr\/2026\/04\/07\/bisci-a-summa-2026\/#primaryimage\"},\"image\":{\"@id\":\"https:\/\/bisci.it\/fr\/2026\/04\/07\/bisci-a-summa-2026\/#primaryimage\"},\"thumbnailUrl\":\"https:\/\/bisci.it\/wp-content\/uploads\/2025\/12\/bisci-a-Summa-2026.jpg\",\"datePublished\":\"2026-04-07T09:00:02+00:00\",\"author\":{\"@id\":\"https:\/\/bisci.it\/fr\/#\/schema\/person\/588a0cd86e1a58abfd656daf52ee7225\"},\"breadcrumb\":{\"@id\":\"https:\/\/bisci.it\/fr\/2026\/04\/07\/bisci-a-summa-2026\/#breadcrumb\"},\"inLanguage\":\"fr-FR\",\"potentialAction\":[{\"@type\":\"ReadAction\",\"target\":[\"https:\/\/bisci.it\/fr\/2026\/04\/07\/bisci-a-summa-2026\/\"]}]},{\"@type\":\"ImageObject\",\"inLanguage\":\"fr-FR\",\"@id\":\"https:\/\/bisci.it\/fr\/2026\/04\/07\/bisci-a-summa-2026\/#primaryimage\",\"url\":\"https:\/\/bisci.it\/wp-content\/uploads\/2025\/12\/bisci-a-Summa-2026.jpg\",\"contentUrl\":\"https:\/\/bisci.it\/wp-content\/uploads\/2025\/12\/bisci-a-Summa-2026.jpg\",\"width\":1080,\"height\":1350,\"caption\":\"bisci a Summa 2026\"},{\"@type\":\"BreadcrumbList\",\"@id\":\"https:\/\/bisci.it\/fr\/2026\/04\/07\/bisci-a-summa-2026\/#breadcrumb\",\"itemListElement\":[{\"@type\":\"ListItem\",\"position\":1,\"name\":\"Home\",\"item\":\"https:\/\/bisci.it\/fr\/\"},{\"@type\":\"ListItem\",\"position\":2,\"name\":\"Bisci a Summa 2026\"}]},{\"@type\":\"WebSite\",\"@id\":\"https:\/\/bisci.it\/fr\/#website\",\"url\":\"https:\/\/bisci.it\/fr\/\",\"name\":\"BISCI Vini\",\"description\":\"Cantina BISCI - Matelica\",\"potentialAction\":[{\"@type\":\"SearchAction\",\"target\":{\"@type\":\"EntryPoint\",\"urlTemplate\":\"https:\/\/bisci.it\/fr\/?s={search_term_string}\"},\"query-input\":{\"@type\":\"PropertyValueSpecification\",\"valueRequired\":true,\"valueName\":\"search_term_string\"}}],\"inLanguage\":\"fr-FR\"},{\"@type\":\"Person\",\"@id\":\"https:\/\/bisci.it\/fr\/#\/schema\/person\/588a0cd86e1a58abfd656daf52ee7225\",\"name\":\"Valentina\",\"image\":{\"@type\":\"ImageObject\",\"inLanguage\":\"fr-FR\",\"@id\":\"https:\/\/bisci.it\/fr\/#\/schema\/person\/image\/\",\"url\":\"https:\/\/secure.gravatar.com\/avatar\/6518b30bde2fc863a1a036a7a81c8c4ac8d2fc93a2cac734d9bc8b1eb03e1675?s=96&d=mm&r=g\",\"contentUrl\":\"https:\/\/secure.gravatar.com\/avatar\/6518b30bde2fc863a1a036a7a81c8c4ac8d2fc93a2cac734d9bc8b1eb03e1675?s=96&d=mm&r=g\",\"caption\":\"Valentina\"}}]}<\/script>\n<!-- \/ Yoast SEO plugin. -->","yoast_head_json":{"title":"Bisci a Summa 2026 - BISCI Vini","robots":{"index":"index","follow":"follow","max-snippet":"max-snippet:-1","max-image-preview":"max-image-preview:large","max-video-preview":"max-video-preview:-1"},"canonical":"https:\/\/bisci.it\/fr\/2026\/04\/07\/bisci-a-summa-2026\/","og_locale":"fr_FR","og_type":"article","og_title":"Bisci a Summa 2026 - BISCI Vini","og_description":"Saremo presenti a Summa 2026","og_url":"https:\/\/bisci.it\/fr\/2026\/04\/07\/bisci-a-summa-2026\/","og_site_name":"BISCI Vini","article_published_time":"2026-04-07T09:00:02+00:00","og_image":[{"width":1080,"height":1350,"url":"https:\/\/bisci.it\/wp-content\/uploads\/2025\/12\/bisci-a-Summa-2026.jpg","type":"image\/jpeg"}],"author":"Valentina","twitter_card":"summary_large_image","twitter_misc":{"\u00c9crit par":"Valentina","Dur\u00e9e de lecture estim\u00e9e":"1 minute"},"schema":{"@context":"https:\/\/schema.org","@graph":[{"@type":"WebPage","@id":"https:\/\/bisci.it\/fr\/2026\/04\/07\/bisci-a-summa-2026\/","url":"https:\/\/bisci.it\/fr\/2026\/04\/07\/bisci-a-summa-2026\/","name":"Bisci a Summa 2026 - BISCI Vini","isPartOf":{"@id":"https:\/\/bisci.it\/fr\/#website"},"primaryImageOfPage":{"@id":"https:\/\/bisci.it\/fr\/2026\/04\/07\/bisci-a-summa-2026\/#primaryimage"},"image":{"@id":"https:\/\/bisci.it\/fr\/2026\/04\/07\/bisci-a-summa-2026\/#primaryimage"},"thumbnailUrl":"https:\/\/bisci.it\/wp-content\/uploads\/2025\/12\/bisci-a-Summa-2026.jpg","datePublished":"2026-04-07T09:00:02+00:00","author":{"@id":"https:\/\/bisci.it\/fr\/#\/schema\/person\/588a0cd86e1a58abfd656daf52ee7225"},"breadcrumb":{"@id":"https:\/\/bisci.it\/fr\/2026\/04\/07\/bisci-a-summa-2026\/#breadcrumb"},"inLanguage":"fr-FR","potentialAction":[{"@type":"ReadAction","target":["https:\/\/bisci.it\/fr\/2026\/04\/07\/bisci-a-summa-2026\/"]}]},{"@type":"ImageObject","inLanguage":"fr-FR","@id":"https:\/\/bisci.it\/fr\/2026\/04\/07\/bisci-a-summa-2026\/#primaryimage","url":"https:\/\/bisci.it\/wp-content\/uploads\/2025\/12\/bisci-a-Summa-2026.jpg","contentUrl":"https:\/\/bisci.it\/wp-content\/uploads\/2025\/12\/bisci-a-Summa-2026.jpg","width":1080,"height":1350,"caption":"bisci a Summa 2026"},{"@type":"BreadcrumbList","@id":"https:\/\/bisci.it\/fr\/2026\/04\/07\/bisci-a-summa-2026\/#breadcrumb","itemListElement":[{"@type":"ListItem","position":1,"name":"Home","item":"https:\/\/bisci.it\/fr\/"},{"@type":"ListItem","position":2,"name":"Bisci a Summa 2026"}]},{"@type":"WebSite","@id":"https:\/\/bisci.it\/fr\/#website","url":"https:\/\/bisci.it\/fr\/","name":"BISCI Vini","description":"Cantina BISCI - Matelica","potentialAction":[{"@type":"SearchAction","target":{"@type":"EntryPoint","urlTemplate":"https:\/\/bisci.it\/fr\/?s={search_term_string}"},"query-input":{"@type":"PropertyValueSpecification","valueRequired":true,"valueName":"search_term_string"}}],"inLanguage":"fr-FR"},{"@type":"Person","@id":"https:\/\/bisci.it\/fr\/#\/schema\/person\/588a0cd86e1a58abfd656daf52ee7225","name":"Valentina","image":{"@type":"ImageObject","inLanguage":"fr-FR","@id":"https:\/\/bisci.it\/fr\/#\/schema\/person\/image\/","url":"https:\/\/secure.gravatar.com\/avatar\/6518b30bde2fc863a1a036a7a81c8c4ac8d2fc93a2cac734d9bc8b1eb03e1675?s=96&d=mm&r=g","contentUrl":"https:\/\/secure.gravatar.com\/avatar\/6518b30bde2fc863a1a036a7a81c8c4ac8d2fc93a2cac734d9bc8b1eb03e1675?s=96&d=mm&r=g","caption":"Valentina"}}]}},"_links":{"self":[{"href":"https:\/\/bisci.it\/fr\/wp-json\/wp\/v2\/posts\/3775","targetHints":{"allow":["GET"]}}],"collection":[{"href":"https:\/\/bisci.it\/fr\/wp-json\/wp\/v2\/posts"}],"about":[{"href":"https:\/\/bisci.it\/fr\/wp-json\/wp\/v2\/types\/post"}],"author":[{"embeddable":true,"href":"https:\/\/bisci.it\/fr\/wp-json\/wp\/v2\/users\/8"}],"replies":[{"embeddable":true,"href":"https:\/\/bisci.it\/fr\/wp-json\/wp\/v2\/comments?post=3775"}],"version-history":[{"count":0,"href":"https:\/\/bisci.it\/fr\/wp-json\/wp\/v2\/posts\/3775\/revisions"}],"wp:featuredmedia":[{"embeddable":true,"href":"https:\/\/bisci.it\/fr\/wp-json\/wp\/v2\/media\/3777"}],"wp:attachment":[{"href":"https:\/\/bisci.it\/fr\/wp-json\/wp\/v2\/media?parent=3775"}],"wp:term":[{"taxonomy":"category","embeddable":true,"href":"https:\/\/bisci.it\/fr\/wp-json\/wp\/v2\/categories?post=3775"},{"taxonomy":"post_tag","embeddable":true,"href":"https:\/\/bisci.it\/fr\/wp-json\/wp\/v2\/tags?post=3775"}],"curies":[{"name":"wp","href":"https:\/\/api.w.org\/{rel}","templated":true}]}}